{"id":9863,"date":"2021-07-12T16:08:15","date_gmt":"2021-07-12T19:08:15","guid":{"rendered":"https:\/\/ceafi.edu.br\/?p=9863"},"modified":"2021-07-12T16:08:15","modified_gmt":"2021-07-12T19:08:15","slug":"fisiologia-do-exercicio","status":"publish","type":"post","link":"https:\/\/ceafi.edu.br\/site\/2021\/07\/12\/fisiologia-do-exercicio\/","title":{"rendered":"HOT TOPIC &#8211; IMPORT\u00c2NCIA DA FISIOLOGIA DO EXERC\u00cdCIO EM TEMPOS DE PANDEMIA"},"content":{"rendered":"\n<figure class=\"wp-block-image size-large\"><img decoding=\"async\" src=\"https:\/\/ceafi.edu.br\/site\/wp-content\/uploads\/2021\/07\/Hot-topic-Giu-02-1-1024x535.png\" alt=\"evento-gratuito-fisioterapia\" class=\"wp-image-9858\" loading=\"lazy\" \/><figcaption>Evento: Import\u00e2ncia da Fisiologia do Exerc\u00edcio com Giulliano Gardenghi<\/figcaption><\/figure>\n\n\n\n<p>A&nbsp;<strong>Palestra&nbsp;a Import\u00e2ncia da Fisiologia do Exerc\u00edcio em tempos de Pandemia <\/strong>tr\u00e1s para a discuss\u00e3o temas relevantes da Fisiologia e Prescri\u00e7\u00e3o do Exerc\u00edcio para lidar com os desafios impostos pela pandemia do COVID-19. Esses e outros temas ser\u00e3o estudados e debatidos em mais esse&nbsp;<strong>evento online promovido pela Facauldade Ceafi<\/strong> junto com o Coordenador Giulliano Gardenghi. <\/p>\n\n\n\n<p>Local de Realiza\u00e7\u00e3o:&nbsp;Sympla | Google Meet<\/p>\n\n\n\n<p>Per\u00edodo de Realiza\u00e7\u00e3o:&nbsp;29 de Julho de 2021 <\/p>\n\n\n\n<p>Inscri\u00e7\u00f5es at\u00e9:29 de Julho de 2021 | \u00e0s 18h &#8211; VAGAS LIMITADAS<\/p>\n\n\n\n<p>Inscri\u00e7\u00e3o Gratuita:&nbsp;Direito a certificado eletr\u00f4nico<\/p>\n\n\n\n<p>Carga Hor\u00e1ria:&nbsp;2 horas<\/p>\n\n\n\n<p>Investimento:&nbsp;R$ 0,00<\/p>\n\n\n\n<p>ATEN\u00c7\u00c3O: A CERTIFICA\u00c7\u00c3O REFERENTE AO SEMIN\u00c1RIO\/PALESTRA SOMENTE \u00c9 DISPONIBILIZADA NO T\u00c9RMINO DO EVENTO*<\/p>\n\n\n\n<p>*Ver per\u00edodo de realiza\u00e7\u00e3o de cada evento.<\/p>\n","protected":false},"excerpt":{"rendered":"<p>A&nbsp;Palestra&nbsp;a Import\u00e2ncia da Fisiologia do Exerc\u00edcio em tempos de Pandemia tr\u00e1s para a discuss\u00e3o temas relevantes da Fisiologia e Prescri\u00e7\u00e3o do Exerc\u00edcio para lidar com os desafios impostos pela pandemia do COVID-19. Esses e outros temas ser\u00e3o estudados e debatidos em mais esse&nbsp;evento online promovido pela Facauldade Ceafi junto com o Coordenador Giulliano Gardenghi. Local [&hellip;]<\/p>\n","protected":false},"author":5,"featured_media":9864,"comment_status":"open","ping_status":"open","sticky":false,"template":"","format":"standard","meta":{"_eb_attr":"","footnotes":""},"categories":[16],"tags":[],"class_list":["post-9863","post","type-post","status-publish","format-standard","has-post-thumbnail","hentry","category-noticias"],"acf":[],"yoast_head":"<!-- This site is optimized with the Yoast SEO plugin v27.5 - https:\/\/yoast.com\/product\/yoast-seo-wordpress\/ -->\n<title>Evento Gratuito - Import\u00e2ncia da Fisiologia do Exerc\u00edcio<\/title>\n<meta name=\"description\" content=\"A Palestra a Import\u00e2ncia da Fisiologia do Exerc\u00edcio em tempos de Pandemia tr\u00e1s para a discuss\u00e3o temas relevantes da Fisiologia e Prescri\u00e7\u00e3o do Exerc\u00edcio para lidar com os desafios impostos pela pandemia do COVID-19.\" \/>\n<meta name=\"robots\" content=\"index, follow, max-snippet:-1, max-image-preview:large, max-video-preview:-1\" \/>\n<link rel=\"canonical\" href=\"https:\/\/ceafi.edu.br\/site\/2021\/07\/12\/fisiologia-do-exercicio\/\" \/>\n<meta property=\"og:locale\" content=\"pt_BR\" \/>\n<meta property=\"og:type\" content=\"article\" \/>\n<meta property=\"og:title\" content=\"Evento Gratuito - Import\u00e2ncia da Fisiologia do Exerc\u00edcio\" \/>\n<meta property=\"og:description\" content=\"A Palestra a Import\u00e2ncia da Fisiologia do Exerc\u00edcio em tempos de Pandemia tr\u00e1s para a discuss\u00e3o temas relevantes da Fisiologia e Prescri\u00e7\u00e3o do Exerc\u00edcio para lidar com os desafios impostos pela pandemia do COVID-19.\" \/>\n<meta property=\"og:url\" content=\"https:\/\/ceafi.edu.br\/site\/2021\/07\/12\/fisiologia-do-exercicio\/\" \/>\n<meta property=\"og:site_name\" content=\"CEAFI\" \/>\n<meta property=\"article:published_time\" content=\"2021-07-12T19:08:15+00:00\" \/>\n<meta name=\"author\" content=\"Guilherme Pinheiro\" \/>\n<meta name=\"twitter:card\" content=\"summary_large_image\" \/>\n<meta name=\"twitter:label1\" content=\"Escrito por\" \/>\n\t<meta name=\"twitter:data1\" content=\"Guilherme Pinheiro\" \/>\n\t<meta name=\"twitter:label2\" content=\"Est. tempo de leitura\" \/>\n\t<meta name=\"twitter:data2\" content=\"1 minuto\" \/>\n<script type=\"application\/ld+json\" class=\"yoast-schema-graph\">{\"@context\":\"https:\\\/\\\/schema.org\",\"@graph\":[{\"@type\":\"Article\",\"@id\":\"https:\\\/\\\/ceafi.edu.br\\\/site\\\/2021\\\/07\\\/12\\\/fisiologia-do-exercicio\\\/#article\",\"isPartOf\":{\"@id\":\"https:\\\/\\\/ceafi.edu.br\\\/site\\\/2021\\\/07\\\/12\\\/fisiologia-do-exercicio\\\/\"},\"author\":{\"name\":\"Guilherme Pinheiro\",\"@id\":\"https:\\\/\\\/ceafi.edu.br\\\/site\\\/#\\\/schema\\\/person\\\/3c0cd8b24e81e483ef6e9a0533c2d246\"},\"headline\":\"HOT TOPIC &#8211; IMPORT\u00c2NCIA DA FISIOLOGIA DO EXERC\u00cdCIO EM TEMPOS DE PANDEMIA\",\"datePublished\":\"2021-07-12T19:08:15+00:00\",\"mainEntityOfPage\":{\"@id\":\"https:\\\/\\\/ceafi.edu.br\\\/site\\\/2021\\\/07\\\/12\\\/fisiologia-do-exercicio\\\/\"},\"wordCount\":163,\"commentCount\":0,\"publisher\":{\"@id\":\"https:\\\/\\\/ceafi.edu.br\\\/site\\\/#organization\"},\"image\":{\"@id\":\"https:\\\/\\\/ceafi.edu.br\\\/site\\\/2021\\\/07\\\/12\\\/fisiologia-do-exercicio\\\/#primaryimage\"},\"thumbnailUrl\":\"\",\"articleSection\":[\"Not\u00edcias\"],\"inLanguage\":\"pt-BR\",\"potentialAction\":[{\"@type\":\"CommentAction\",\"name\":\"Comment\",\"target\":[\"https:\\\/\\\/ceafi.edu.br\\\/site\\\/2021\\\/07\\\/12\\\/fisiologia-do-exercicio\\\/#respond\"]}]},{\"@type\":\"WebPage\",\"@id\":\"https:\\\/\\\/ceafi.edu.br\\\/site\\\/2021\\\/07\\\/12\\\/fisiologia-do-exercicio\\\/\",\"url\":\"https:\\\/\\\/ceafi.edu.br\\\/site\\\/2021\\\/07\\\/12\\\/fisiologia-do-exercicio\\\/\",\"name\":\"Evento Gratuito - Import\u00e2ncia da Fisiologia do Exerc\u00edcio\",\"isPartOf\":{\"@id\":\"https:\\\/\\\/ceafi.edu.br\\\/site\\\/#website\"},\"primaryImageOfPage\":{\"@id\":\"https:\\\/\\\/ceafi.edu.br\\\/site\\\/2021\\\/07\\\/12\\\/fisiologia-do-exercicio\\\/#primaryimage\"},\"image\":{\"@id\":\"https:\\\/\\\/ceafi.edu.br\\\/site\\\/2021\\\/07\\\/12\\\/fisiologia-do-exercicio\\\/#primaryimage\"},\"thumbnailUrl\":\"\",\"datePublished\":\"2021-07-12T19:08:15+00:00\",\"description\":\"A Palestra a Import\u00e2ncia da Fisiologia do Exerc\u00edcio em tempos de Pandemia tr\u00e1s para a discuss\u00e3o temas relevantes da Fisiologia e Prescri\u00e7\u00e3o do Exerc\u00edcio para lidar com os desafios impostos pela pandemia do COVID-19.\",\"inLanguage\":\"pt-BR\",\"potentialAction\":[{\"@type\":\"ReadAction\",\"target\":[\"https:\\\/\\\/ceafi.edu.br\\\/site\\\/2021\\\/07\\\/12\\\/fisiologia-do-exercicio\\\/\"]}]},{\"@type\":\"ImageObject\",\"inLanguage\":\"pt-BR\",\"@id\":\"https:\\\/\\\/ceafi.edu.br\\\/site\\\/2021\\\/07\\\/12\\\/fisiologia-do-exercicio\\\/#primaryimage\",\"url\":\"\",\"contentUrl\":\"\"},{\"@type\":\"WebSite\",\"@id\":\"https:\\\/\\\/ceafi.edu.br\\\/site\\\/#website\",\"url\":\"https:\\\/\\\/ceafi.edu.br\\\/site\\\/\",\"name\":\"CEAFI\",\"description\":\"O CEAFI A N\u00famero 1 em Cursos de P\u00f3s Gradua\u00e7\u00e3o e Aperfei\u00e7oamento em Fisioterapia.\",\"publisher\":{\"@id\":\"https:\\\/\\\/ceafi.edu.br\\\/site\\\/#organization\"},\"potentialAction\":[{\"@type\":\"SearchAction\",\"target\":{\"@type\":\"EntryPoint\",\"urlTemplate\":\"https:\\\/\\\/ceafi.edu.br\\\/site\\\/?s={search_term_string}\"},\"query-input\":{\"@type\":\"PropertyValueSpecification\",\"valueRequired\":true,\"valueName\":\"search_term_string\"}}],\"inLanguage\":\"pt-BR\"},{\"@type\":\"Organization\",\"@id\":\"https:\\\/\\\/ceafi.edu.br\\\/site\\\/#organization\",\"name\":\"CEAFI\",\"url\":\"https:\\\/\\\/ceafi.edu.br\\\/site\\\/\",\"logo\":{\"@type\":\"ImageObject\",\"inLanguage\":\"pt-BR\",\"@id\":\"https:\\\/\\\/ceafi.edu.br\\\/site\\\/#\\\/schema\\\/logo\\\/image\\\/\",\"url\":\"https:\\\/\\\/ceafi.edu.br\\\/site\\\/wp-content\\\/uploads\\\/2023\\\/07\\\/Group-2.png\",\"contentUrl\":\"https:\\\/\\\/ceafi.edu.br\\\/site\\\/wp-content\\\/uploads\\\/2023\\\/07\\\/Group-2.png\",\"width\":230,\"height\":82,\"caption\":\"CEAFI\"},\"image\":{\"@id\":\"https:\\\/\\\/ceafi.edu.br\\\/site\\\/#\\\/schema\\\/logo\\\/image\\\/\"}},{\"@type\":\"Person\",\"@id\":\"https:\\\/\\\/ceafi.edu.br\\\/site\\\/#\\\/schema\\\/person\\\/3c0cd8b24e81e483ef6e9a0533c2d246\",\"name\":\"Guilherme Pinheiro\",\"image\":{\"@type\":\"ImageObject\",\"inLanguage\":\"pt-BR\",\"@id\":\"https:\\\/\\\/secure.gravatar.com\\\/avatar\\\/17aaf7056fd002f823af800fc9367ab13c1d0170c454cde94e590a32433f4137?s=96&d=mm&r=g\",\"url\":\"https:\\\/\\\/secure.gravatar.com\\\/avatar\\\/17aaf7056fd002f823af800fc9367ab13c1d0170c454cde94e590a32433f4137?s=96&d=mm&r=g\",\"contentUrl\":\"https:\\\/\\\/secure.gravatar.com\\\/avatar\\\/17aaf7056fd002f823af800fc9367ab13c1d0170c454cde94e590a32433f4137?s=96&d=mm&r=g\",\"caption\":\"Guilherme Pinheiro\"},\"url\":\"https:\\\/\\\/ceafi.edu.br\\\/site\\\/author\\\/guilherme\\\/\"}]}<\/script>\n<!-- \/ Yoast SEO plugin. -->","yoast_head_json":{"title":"Evento Gratuito - Import\u00e2ncia da Fisiologia do Exerc\u00edcio","description":"A Palestra a Import\u00e2ncia da Fisiologia do Exerc\u00edcio em tempos de Pandemia tr\u00e1s para a discuss\u00e3o temas relevantes da Fisiologia e Prescri\u00e7\u00e3o do Exerc\u00edcio para lidar com os desafios impostos pela pandemia do COVID-19.","robots":{"index":"index","follow":"follow","max-snippet":"max-snippet:-1","max-image-preview":"max-image-preview:large","max-video-preview":"max-video-preview:-1"},"canonical":"https:\/\/ceafi.edu.br\/site\/2021\/07\/12\/fisiologia-do-exercicio\/","og_locale":"pt_BR","og_type":"article","og_title":"Evento Gratuito - Import\u00e2ncia da Fisiologia do Exerc\u00edcio","og_description":"A Palestra a Import\u00e2ncia da Fisiologia do Exerc\u00edcio em tempos de Pandemia tr\u00e1s para a discuss\u00e3o temas relevantes da Fisiologia e Prescri\u00e7\u00e3o do Exerc\u00edcio para lidar com os desafios impostos pela pandemia do COVID-19.","og_url":"https:\/\/ceafi.edu.br\/site\/2021\/07\/12\/fisiologia-do-exercicio\/","og_site_name":"CEAFI","article_published_time":"2021-07-12T19:08:15+00:00","author":"Guilherme Pinheiro","twitter_card":"summary_large_image","twitter_misc":{"Escrito por":"Guilherme Pinheiro","Est. tempo de leitura":"1 minuto"},"schema":{"@context":"https:\/\/schema.org","@graph":[{"@type":"Article","@id":"https:\/\/ceafi.edu.br\/site\/2021\/07\/12\/fisiologia-do-exercicio\/#article","isPartOf":{"@id":"https:\/\/ceafi.edu.br\/site\/2021\/07\/12\/fisiologia-do-exercicio\/"},"author":{"name":"Guilherme Pinheiro","@id":"https:\/\/ceafi.edu.br\/site\/#\/schema\/person\/3c0cd8b24e81e483ef6e9a0533c2d246"},"headline":"HOT TOPIC &#8211; IMPORT\u00c2NCIA DA FISIOLOGIA DO EXERC\u00cdCIO EM TEMPOS DE PANDEMIA","datePublished":"2021-07-12T19:08:15+00:00","mainEntityOfPage":{"@id":"https:\/\/ceafi.edu.br\/site\/2021\/07\/12\/fisiologia-do-exercicio\/"},"wordCount":163,"commentCount":0,"publisher":{"@id":"https:\/\/ceafi.edu.br\/site\/#organization"},"image":{"@id":"https:\/\/ceafi.edu.br\/site\/2021\/07\/12\/fisiologia-do-exercicio\/#primaryimage"},"thumbnailUrl":"","articleSection":["Not\u00edcias"],"inLanguage":"pt-BR","potentialAction":[{"@type":"CommentAction","name":"Comment","target":["https:\/\/ceafi.edu.br\/site\/2021\/07\/12\/fisiologia-do-exercicio\/#respond"]}]},{"@type":"WebPage","@id":"https:\/\/ceafi.edu.br\/site\/2021\/07\/12\/fisiologia-do-exercicio\/","url":"https:\/\/ceafi.edu.br\/site\/2021\/07\/12\/fisiologia-do-exercicio\/","name":"Evento Gratuito - Import\u00e2ncia da Fisiologia do Exerc\u00edcio","isPartOf":{"@id":"https:\/\/ceafi.edu.br\/site\/#website"},"primaryImageOfPage":{"@id":"https:\/\/ceafi.edu.br\/site\/2021\/07\/12\/fisiologia-do-exercicio\/#primaryimage"},"image":{"@id":"https:\/\/ceafi.edu.br\/site\/2021\/07\/12\/fisiologia-do-exercicio\/#primaryimage"},"thumbnailUrl":"","datePublished":"2021-07-12T19:08:15+00:00","description":"A Palestra a Import\u00e2ncia da Fisiologia do Exerc\u00edcio em tempos de Pandemia tr\u00e1s para a discuss\u00e3o temas relevantes da Fisiologia e Prescri\u00e7\u00e3o do Exerc\u00edcio para lidar com os desafios impostos pela pandemia do COVID-19.","inLanguage":"pt-BR","potentialAction":[{"@type":"ReadAction","target":["https:\/\/ceafi.edu.br\/site\/2021\/07\/12\/fisiologia-do-exercicio\/"]}]},{"@type":"ImageObject","inLanguage":"pt-BR","@id":"https:\/\/ceafi.edu.br\/site\/2021\/07\/12\/fisiologia-do-exercicio\/#primaryimage","url":"","contentUrl":""},{"@type":"WebSite","@id":"https:\/\/ceafi.edu.br\/site\/#website","url":"https:\/\/ceafi.edu.br\/site\/","name":"CEAFI","description":"O CEAFI A N\u00famero 1 em Cursos de P\u00f3s Gradua\u00e7\u00e3o e Aperfei\u00e7oamento em Fisioterapia.","publisher":{"@id":"https:\/\/ceafi.edu.br\/site\/#organization"},"potentialAction":[{"@type":"SearchAction","target":{"@type":"EntryPoint","urlTemplate":"https:\/\/ceafi.edu.br\/site\/?s={search_term_string}"},"query-input":{"@type":"PropertyValueSpecification","valueRequired":true,"valueName":"search_term_string"}}],"inLanguage":"pt-BR"},{"@type":"Organization","@id":"https:\/\/ceafi.edu.br\/site\/#organization","name":"CEAFI","url":"https:\/\/ceafi.edu.br\/site\/","logo":{"@type":"ImageObject","inLanguage":"pt-BR","@id":"https:\/\/ceafi.edu.br\/site\/#\/schema\/logo\/image\/","url":"https:\/\/ceafi.edu.br\/site\/wp-content\/uploads\/2023\/07\/Group-2.png","contentUrl":"https:\/\/ceafi.edu.br\/site\/wp-content\/uploads\/2023\/07\/Group-2.png","width":230,"height":82,"caption":"CEAFI"},"image":{"@id":"https:\/\/ceafi.edu.br\/site\/#\/schema\/logo\/image\/"}},{"@type":"Person","@id":"https:\/\/ceafi.edu.br\/site\/#\/schema\/person\/3c0cd8b24e81e483ef6e9a0533c2d246","name":"Guilherme Pinheiro","image":{"@type":"ImageObject","inLanguage":"pt-BR","@id":"https:\/\/secure.gravatar.com\/avatar\/17aaf7056fd002f823af800fc9367ab13c1d0170c454cde94e590a32433f4137?s=96&d=mm&r=g","url":"https:\/\/secure.gravatar.com\/avatar\/17aaf7056fd002f823af800fc9367ab13c1d0170c454cde94e590a32433f4137?s=96&d=mm&r=g","contentUrl":"https:\/\/secure.gravatar.com\/avatar\/17aaf7056fd002f823af800fc9367ab13c1d0170c454cde94e590a32433f4137?s=96&d=mm&r=g","caption":"Guilherme Pinheiro"},"url":"https:\/\/ceafi.edu.br\/site\/author\/guilherme\/"}]}},"_links":{"self":[{"href":"https:\/\/ceafi.edu.br\/site\/wp-json\/wp\/v2\/posts\/9863","targetHints":{"allow":["GET"]}}],"collection":[{"href":"https:\/\/ceafi.edu.br\/site\/wp-json\/wp\/v2\/posts"}],"about":[{"href":"https:\/\/ceafi.edu.br\/site\/wp-json\/wp\/v2\/types\/post"}],"author":[{"embeddable":true,"href":"https:\/\/ceafi.edu.br\/site\/wp-json\/wp\/v2\/users\/5"}],"replies":[{"embeddable":true,"href":"https:\/\/ceafi.edu.br\/site\/wp-json\/wp\/v2\/comments?post=9863"}],"version-history":[{"count":0,"href":"https:\/\/ceafi.edu.br\/site\/wp-json\/wp\/v2\/posts\/9863\/revisions"}],"wp:featuredmedia":[{"embeddable":true,"href":"https:\/\/ceafi.edu.br\/site\/wp-json\/"}],"wp:attachment":[{"href":"https:\/\/ceafi.edu.br\/site\/wp-json\/wp\/v2\/media?parent=9863"}],"wp:term":[{"taxonomy":"category","embeddable":true,"href":"https:\/\/ceafi.edu.br\/site\/wp-json\/wp\/v2\/categories?post=9863"},{"taxonomy":"post_tag","embeddable":true,"href":"https:\/\/ceafi.edu.br\/site\/wp-json\/wp\/v2\/tags?post=9863"}],"curies":[{"name":"wp","href":"https:\/\/api.w.org\/{rel}","templated":true}]}}