{"id":5550,"date":"2020-07-27T10:43:25","date_gmt":"2020-07-27T13:43:25","guid":{"rendered":"https:\/\/ceafi.edu.br\/?p=5550"},"modified":"2020-07-27T10:43:25","modified_gmt":"2020-07-27T13:43:25","slug":"comunicado-cartao-de-credito","status":"publish","type":"post","link":"https:\/\/ceafi.edu.br\/site\/2020\/07\/27\/comunicado-cartao-de-credito\/","title":{"rendered":"Comunicado"},"content":{"rendered":"\n<h2 class=\"wp-block-heading\" id=\"comunicado-cartao-de-credito\">PAGAMENTO DAS MENSALIDADES POR CART\u00c3O DE CR\u00c9DITO<\/h2>\n\n\n\n<figure class=\"wp-block-image size-large\"><img decoding=\"async\" src=\"https:\/\/ceafi.edu.br\/site\/wp-content\/uploads\/2020\/07\/WhatsApp-Image-2020-07-28-at-14.25.19-818x1024.jpeg\" alt=\"\" class=\"wp-image-5572\" loading=\"lazy\" \/><\/figure>\n\n\n\n<p>Senhores Alunos,<br><\/p>\n\n\n\n<p>Informamos que a partir de 01\/08\/2020, os alunos que no ato da assinatura do contrato optarem pela modalidade de pagamento CART\u00c3O, N\u00c3O dever\u00e3o mais realizar dep\u00f3sitos nas contas banc\u00e1rias do CEAFI, pois os cart\u00f5es cadastrados ser\u00e3o passados automaticamente (recorrente). Caso o aluno, mesmo informado, ainda realize dep\u00f3sito, o valor n\u00e3o ser\u00e1 reembolsado\/devolvido, e sim, utilizado para quitar a parcela do m\u00eas subsequente.<br> <\/p>\n\n\n\n<p>Na oportunidade, informamos, ainda, que n\u00e3o ser\u00e1 poss\u00edvel solicitar estorno de cart\u00f5es, tendo em vista a implanta\u00e7\u00e3o do pagamento de cart\u00e3o recorrente.<br> <\/p>\n\n\n\n<p>Os alunos que quiserem trocar os dados do cart\u00e3o cadastrado, dever\u00e3o entrar em contato com a Ger\u00eancia Financeira (WhatsApp \u2013 98303-8444). Ser\u00e1 enviado um novo formul\u00e1rio de Autoriza\u00e7\u00e3o de Pagamento com Cart\u00e3o de Cr\u00e9dito para preenchimento.<br> <\/p>\n\n\n\n<p>Pedimos que entrem no PORTAL DO ALUNO e verifiquem suas situa\u00e7\u00f5es financeiras junto a Institui\u00e7\u00e3o, caso identifiquem alguma parcela em aberto, regularizem imediatamente, evitando assim o desprazer  de futuras cobran\u00e7as.<\/p>\n\n\n\n<p>Atenciosamente,<\/p>\n\n\n\n<p>Pedro Pires<br>Diretor Geral<\/p>\n","protected":false},"excerpt":{"rendered":"<p>PAGAMENTO DAS MENSALIDADES POR CART\u00c3O DE CR\u00c9DITO Senhores Alunos, Informamos que a partir de 01\/08\/2020, os alunos que no ato da assinatura do contrato optarem pela modalidade de pagamento CART\u00c3O, N\u00c3O dever\u00e3o mais realizar dep\u00f3sitos nas contas banc\u00e1rias do CEAFI, pois os cart\u00f5es cadastrados ser\u00e3o passados automaticamente (recorrente). Caso o aluno, mesmo informado, ainda realize [&hellip;]<\/p>\n","protected":false},"author":5,"featured_media":5572,"comment_status":"open","ping_status":"open","sticky":true,"template":"","format":"standard","meta":{"_eb_attr":"","footnotes":""},"categories":[24,16],"tags":[31,32],"class_list":["post-5550","post","type-post","status-publish","format-standard","has-post-thumbnail","hentry","category-comunicacao","category-noticias","tag-ceaficomunica","tag-comunicadoceafi"],"acf":[],"yoast_head":"<!-- This site is optimized with the Yoast SEO plugin v27.5 - https:\/\/yoast.com\/product\/yoast-seo-wordpress\/ -->\n<title>Comunicado - CEAFI<\/title>\n<meta name=\"robots\" content=\"index, follow, max-snippet:-1, max-image-preview:large, max-video-preview:-1\" \/>\n<link rel=\"canonical\" href=\"https:\/\/ceafi.edu.br\/site\/2020\/07\/27\/comunicado-cartao-de-credito\/\" \/>\n<meta property=\"og:locale\" content=\"pt_BR\" \/>\n<meta property=\"og:type\" content=\"article\" \/>\n<meta property=\"og:title\" content=\"Comunicado - CEAFI\" \/>\n<meta property=\"og:description\" content=\"PAGAMENTO DAS MENSALIDADES POR CART\u00c3O DE CR\u00c9DITO Senhores Alunos, Informamos que a partir de 01\/08\/2020, os alunos que no ato da assinatura do contrato optarem pela modalidade de pagamento CART\u00c3O, N\u00c3O dever\u00e3o mais realizar dep\u00f3sitos nas contas banc\u00e1rias do CEAFI, pois os cart\u00f5es cadastrados ser\u00e3o passados automaticamente (recorrente). Caso o aluno, mesmo informado, ainda realize [&hellip;]\" \/>\n<meta property=\"og:url\" content=\"https:\/\/ceafi.edu.br\/site\/2020\/07\/27\/comunicado-cartao-de-credito\/\" \/>\n<meta property=\"og:site_name\" content=\"CEAFI\" \/>\n<meta property=\"article:published_time\" content=\"2020-07-27T13:43:25+00:00\" \/>\n<meta name=\"author\" content=\"Guilherme Pinheiro\" \/>\n<meta name=\"twitter:card\" content=\"summary_large_image\" \/>\n<meta name=\"twitter:label1\" content=\"Escrito por\" \/>\n\t<meta name=\"twitter:data1\" content=\"Guilherme Pinheiro\" \/>\n\t<meta name=\"twitter:label2\" content=\"Est. tempo de leitura\" \/>\n\t<meta name=\"twitter:data2\" content=\"1 minuto\" \/>\n<script type=\"application\/ld+json\" class=\"yoast-schema-graph\">{\"@context\":\"https:\\\/\\\/schema.org\",\"@graph\":[{\"@type\":\"Article\",\"@id\":\"https:\\\/\\\/ceafi.edu.br\\\/site\\\/2020\\\/07\\\/27\\\/comunicado-cartao-de-credito\\\/#article\",\"isPartOf\":{\"@id\":\"https:\\\/\\\/ceafi.edu.br\\\/site\\\/2020\\\/07\\\/27\\\/comunicado-cartao-de-credito\\\/\"},\"author\":{\"name\":\"Guilherme Pinheiro\",\"@id\":\"https:\\\/\\\/ceafi.edu.br\\\/site\\\/#\\\/schema\\\/person\\\/3c0cd8b24e81e483ef6e9a0533c2d246\"},\"headline\":\"Comunicado\",\"datePublished\":\"2020-07-27T13:43:25+00:00\",\"mainEntityOfPage\":{\"@id\":\"https:\\\/\\\/ceafi.edu.br\\\/site\\\/2020\\\/07\\\/27\\\/comunicado-cartao-de-credito\\\/\"},\"wordCount\":190,\"commentCount\":0,\"publisher\":{\"@id\":\"https:\\\/\\\/ceafi.edu.br\\\/site\\\/#organization\"},\"image\":{\"@id\":\"https:\\\/\\\/ceafi.edu.br\\\/site\\\/2020\\\/07\\\/27\\\/comunicado-cartao-de-credito\\\/#primaryimage\"},\"thumbnailUrl\":\"\",\"keywords\":[\"ceaficomunica\",\"comunicadoceafi\"],\"articleSection\":[\"Comunica\u00e7\u00e3o\",\"Not\u00edcias\"],\"inLanguage\":\"pt-BR\",\"potentialAction\":[{\"@type\":\"CommentAction\",\"name\":\"Comment\",\"target\":[\"https:\\\/\\\/ceafi.edu.br\\\/site\\\/2020\\\/07\\\/27\\\/comunicado-cartao-de-credito\\\/#respond\"]}]},{\"@type\":\"WebPage\",\"@id\":\"https:\\\/\\\/ceafi.edu.br\\\/site\\\/2020\\\/07\\\/27\\\/comunicado-cartao-de-credito\\\/\",\"url\":\"https:\\\/\\\/ceafi.edu.br\\\/site\\\/2020\\\/07\\\/27\\\/comunicado-cartao-de-credito\\\/\",\"name\":\"Comunicado - CEAFI\",\"isPartOf\":{\"@id\":\"https:\\\/\\\/ceafi.edu.br\\\/site\\\/#website\"},\"primaryImageOfPage\":{\"@id\":\"https:\\\/\\\/ceafi.edu.br\\\/site\\\/2020\\\/07\\\/27\\\/comunicado-cartao-de-credito\\\/#primaryimage\"},\"image\":{\"@id\":\"https:\\\/\\\/ceafi.edu.br\\\/site\\\/2020\\\/07\\\/27\\\/comunicado-cartao-de-credito\\\/#primaryimage\"},\"thumbnailUrl\":\"\",\"datePublished\":\"2020-07-27T13:43:25+00:00\",\"inLanguage\":\"pt-BR\",\"potentialAction\":[{\"@type\":\"ReadAction\",\"target\":[\"https:\\\/\\\/ceafi.edu.br\\\/site\\\/2020\\\/07\\\/27\\\/comunicado-cartao-de-credito\\\/\"]}]},{\"@type\":\"ImageObject\",\"inLanguage\":\"pt-BR\",\"@id\":\"https:\\\/\\\/ceafi.edu.br\\\/site\\\/2020\\\/07\\\/27\\\/comunicado-cartao-de-credito\\\/#primaryimage\",\"url\":\"\",\"contentUrl\":\"\"},{\"@type\":\"WebSite\",\"@id\":\"https:\\\/\\\/ceafi.edu.br\\\/site\\\/#website\",\"url\":\"https:\\\/\\\/ceafi.edu.br\\\/site\\\/\",\"name\":\"CEAFI\",\"description\":\"O CEAFI A N\u00famero 1 em Cursos de P\u00f3s Gradua\u00e7\u00e3o e Aperfei\u00e7oamento em Fisioterapia.\",\"publisher\":{\"@id\":\"https:\\\/\\\/ceafi.edu.br\\\/site\\\/#organization\"},\"potentialAction\":[{\"@type\":\"SearchAction\",\"target\":{\"@type\":\"EntryPoint\",\"urlTemplate\":\"https:\\\/\\\/ceafi.edu.br\\\/site\\\/?s={search_term_string}\"},\"query-input\":{\"@type\":\"PropertyValueSpecification\",\"valueRequired\":true,\"valueName\":\"search_term_string\"}}],\"inLanguage\":\"pt-BR\"},{\"@type\":\"Organization\",\"@id\":\"https:\\\/\\\/ceafi.edu.br\\\/site\\\/#organization\",\"name\":\"CEAFI\",\"url\":\"https:\\\/\\\/ceafi.edu.br\\\/site\\\/\",\"logo\":{\"@type\":\"ImageObject\",\"inLanguage\":\"pt-BR\",\"@id\":\"https:\\\/\\\/ceafi.edu.br\\\/site\\\/#\\\/schema\\\/logo\\\/image\\\/\",\"url\":\"https:\\\/\\\/ceafi.edu.br\\\/site\\\/wp-content\\\/uploads\\\/2023\\\/07\\\/Group-2.png\",\"contentUrl\":\"https:\\\/\\\/ceafi.edu.br\\\/site\\\/wp-content\\\/uploads\\\/2023\\\/07\\\/Group-2.png\",\"width\":230,\"height\":82,\"caption\":\"CEAFI\"},\"image\":{\"@id\":\"https:\\\/\\\/ceafi.edu.br\\\/site\\\/#\\\/schema\\\/logo\\\/image\\\/\"}},{\"@type\":\"Person\",\"@id\":\"https:\\\/\\\/ceafi.edu.br\\\/site\\\/#\\\/schema\\\/person\\\/3c0cd8b24e81e483ef6e9a0533c2d246\",\"name\":\"Guilherme Pinheiro\",\"image\":{\"@type\":\"ImageObject\",\"inLanguage\":\"pt-BR\",\"@id\":\"https:\\\/\\\/secure.gravatar.com\\\/avatar\\\/17aaf7056fd002f823af800fc9367ab13c1d0170c454cde94e590a32433f4137?s=96&d=mm&r=g\",\"url\":\"https:\\\/\\\/secure.gravatar.com\\\/avatar\\\/17aaf7056fd002f823af800fc9367ab13c1d0170c454cde94e590a32433f4137?s=96&d=mm&r=g\",\"contentUrl\":\"https:\\\/\\\/secure.gravatar.com\\\/avatar\\\/17aaf7056fd002f823af800fc9367ab13c1d0170c454cde94e590a32433f4137?s=96&d=mm&r=g\",\"caption\":\"Guilherme Pinheiro\"},\"url\":\"https:\\\/\\\/ceafi.edu.br\\\/site\\\/author\\\/guilherme\\\/\"}]}<\/script>\n<!-- \/ Yoast SEO plugin. -->","yoast_head_json":{"title":"Comunicado - CEAFI","robots":{"index":"index","follow":"follow","max-snippet":"max-snippet:-1","max-image-preview":"max-image-preview:large","max-video-preview":"max-video-preview:-1"},"canonical":"https:\/\/ceafi.edu.br\/site\/2020\/07\/27\/comunicado-cartao-de-credito\/","og_locale":"pt_BR","og_type":"article","og_title":"Comunicado - CEAFI","og_description":"PAGAMENTO DAS MENSALIDADES POR CART\u00c3O DE CR\u00c9DITO Senhores Alunos, Informamos que a partir de 01\/08\/2020, os alunos que no ato da assinatura do contrato optarem pela modalidade de pagamento CART\u00c3O, N\u00c3O dever\u00e3o mais realizar dep\u00f3sitos nas contas banc\u00e1rias do CEAFI, pois os cart\u00f5es cadastrados ser\u00e3o passados automaticamente (recorrente). Caso o aluno, mesmo informado, ainda realize [&hellip;]","og_url":"https:\/\/ceafi.edu.br\/site\/2020\/07\/27\/comunicado-cartao-de-credito\/","og_site_name":"CEAFI","article_published_time":"2020-07-27T13:43:25+00:00","author":"Guilherme Pinheiro","twitter_card":"summary_large_image","twitter_misc":{"Escrito por":"Guilherme Pinheiro","Est. tempo de leitura":"1 minuto"},"schema":{"@context":"https:\/\/schema.org","@graph":[{"@type":"Article","@id":"https:\/\/ceafi.edu.br\/site\/2020\/07\/27\/comunicado-cartao-de-credito\/#article","isPartOf":{"@id":"https:\/\/ceafi.edu.br\/site\/2020\/07\/27\/comunicado-cartao-de-credito\/"},"author":{"name":"Guilherme Pinheiro","@id":"https:\/\/ceafi.edu.br\/site\/#\/schema\/person\/3c0cd8b24e81e483ef6e9a0533c2d246"},"headline":"Comunicado","datePublished":"2020-07-27T13:43:25+00:00","mainEntityOfPage":{"@id":"https:\/\/ceafi.edu.br\/site\/2020\/07\/27\/comunicado-cartao-de-credito\/"},"wordCount":190,"commentCount":0,"publisher":{"@id":"https:\/\/ceafi.edu.br\/site\/#organization"},"image":{"@id":"https:\/\/ceafi.edu.br\/site\/2020\/07\/27\/comunicado-cartao-de-credito\/#primaryimage"},"thumbnailUrl":"","keywords":["ceaficomunica","comunicadoceafi"],"articleSection":["Comunica\u00e7\u00e3o","Not\u00edcias"],"inLanguage":"pt-BR","potentialAction":[{"@type":"CommentAction","name":"Comment","target":["https:\/\/ceafi.edu.br\/site\/2020\/07\/27\/comunicado-cartao-de-credito\/#respond"]}]},{"@type":"WebPage","@id":"https:\/\/ceafi.edu.br\/site\/2020\/07\/27\/comunicado-cartao-de-credito\/","url":"https:\/\/ceafi.edu.br\/site\/2020\/07\/27\/comunicado-cartao-de-credito\/","name":"Comunicado - CEAFI","isPartOf":{"@id":"https:\/\/ceafi.edu.br\/site\/#website"},"primaryImageOfPage":{"@id":"https:\/\/ceafi.edu.br\/site\/2020\/07\/27\/comunicado-cartao-de-credito\/#primaryimage"},"image":{"@id":"https:\/\/ceafi.edu.br\/site\/2020\/07\/27\/comunicado-cartao-de-credito\/#primaryimage"},"thumbnailUrl":"","datePublished":"2020-07-27T13:43:25+00:00","inLanguage":"pt-BR","potentialAction":[{"@type":"ReadAction","target":["https:\/\/ceafi.edu.br\/site\/2020\/07\/27\/comunicado-cartao-de-credito\/"]}]},{"@type":"ImageObject","inLanguage":"pt-BR","@id":"https:\/\/ceafi.edu.br\/site\/2020\/07\/27\/comunicado-cartao-de-credito\/#primaryimage","url":"","contentUrl":""},{"@type":"WebSite","@id":"https:\/\/ceafi.edu.br\/site\/#website","url":"https:\/\/ceafi.edu.br\/site\/","name":"CEAFI","description":"O CEAFI A N\u00famero 1 em Cursos de P\u00f3s Gradua\u00e7\u00e3o e Aperfei\u00e7oamento em Fisioterapia.","publisher":{"@id":"https:\/\/ceafi.edu.br\/site\/#organization"},"potentialAction":[{"@type":"SearchAction","target":{"@type":"EntryPoint","urlTemplate":"https:\/\/ceafi.edu.br\/site\/?s={search_term_string}"},"query-input":{"@type":"PropertyValueSpecification","valueRequired":true,"valueName":"search_term_string"}}],"inLanguage":"pt-BR"},{"@type":"Organization","@id":"https:\/\/ceafi.edu.br\/site\/#organization","name":"CEAFI","url":"https:\/\/ceafi.edu.br\/site\/","logo":{"@type":"ImageObject","inLanguage":"pt-BR","@id":"https:\/\/ceafi.edu.br\/site\/#\/schema\/logo\/image\/","url":"https:\/\/ceafi.edu.br\/site\/wp-content\/uploads\/2023\/07\/Group-2.png","contentUrl":"https:\/\/ceafi.edu.br\/site\/wp-content\/uploads\/2023\/07\/Group-2.png","width":230,"height":82,"caption":"CEAFI"},"image":{"@id":"https:\/\/ceafi.edu.br\/site\/#\/schema\/logo\/image\/"}},{"@type":"Person","@id":"https:\/\/ceafi.edu.br\/site\/#\/schema\/person\/3c0cd8b24e81e483ef6e9a0533c2d246","name":"Guilherme Pinheiro","image":{"@type":"ImageObject","inLanguage":"pt-BR","@id":"https:\/\/secure.gravatar.com\/avatar\/17aaf7056fd002f823af800fc9367ab13c1d0170c454cde94e590a32433f4137?s=96&d=mm&r=g","url":"https:\/\/secure.gravatar.com\/avatar\/17aaf7056fd002f823af800fc9367ab13c1d0170c454cde94e590a32433f4137?s=96&d=mm&r=g","contentUrl":"https:\/\/secure.gravatar.com\/avatar\/17aaf7056fd002f823af800fc9367ab13c1d0170c454cde94e590a32433f4137?s=96&d=mm&r=g","caption":"Guilherme Pinheiro"},"url":"https:\/\/ceafi.edu.br\/site\/author\/guilherme\/"}]}},"_links":{"self":[{"href":"https:\/\/ceafi.edu.br\/site\/wp-json\/wp\/v2\/posts\/5550","targetHints":{"allow":["GET"]}}],"collection":[{"href":"https:\/\/ceafi.edu.br\/site\/wp-json\/wp\/v2\/posts"}],"about":[{"href":"https:\/\/ceafi.edu.br\/site\/wp-json\/wp\/v2\/types\/post"}],"author":[{"embeddable":true,"href":"https:\/\/ceafi.edu.br\/site\/wp-json\/wp\/v2\/users\/5"}],"replies":[{"embeddable":true,"href":"https:\/\/ceafi.edu.br\/site\/wp-json\/wp\/v2\/comments?post=5550"}],"version-history":[{"count":0,"href":"https:\/\/ceafi.edu.br\/site\/wp-json\/wp\/v2\/posts\/5550\/revisions"}],"wp:featuredmedia":[{"embeddable":true,"href":"https:\/\/ceafi.edu.br\/site\/wp-json\/"}],"wp:attachment":[{"href":"https:\/\/ceafi.edu.br\/site\/wp-json\/wp\/v2\/media?parent=5550"}],"wp:term":[{"taxonomy":"category","embeddable":true,"href":"https:\/\/ceafi.edu.br\/site\/wp-json\/wp\/v2\/categories?post=5550"},{"taxonomy":"post_tag","embeddable":true,"href":"https:\/\/ceafi.edu.br\/site\/wp-json\/wp\/v2\/tags?post=5550"}],"curies":[{"name":"wp","href":"https:\/\/api.w.org\/{rel}","templated":true}]}}