{"id":21345,"date":"2026-04-25T22:54:37","date_gmt":"2026-04-25T22:54:37","guid":{"rendered":"https:\/\/ceafi.edu.br\/site\/?p=21345"},"modified":"2026-04-25T22:54:37","modified_gmt":"2026-04-25T22:54:37","slug":"o-cafe-e-sua-relacao-contra-a-demencia","status":"publish","type":"post","link":"https:\/\/ceafi.edu.br\/site\/2026\/04\/25\/o-cafe-e-sua-relacao-contra-a-demencia\/","title":{"rendered":"O caf\u00e9 e sua rela\u00e7\u00e3o contra a dem\u00eancia"},"content":{"rendered":"<p><em><b>Giulliano Gardenghi &#8211; <\/b><\/em><em>Coordenador cient\u00edfico da Faculdade CEAFI<\/em><\/p>\n<p><span style=\"font-weight: 400;\">Muitos de n\u00f3s n\u00e3o come\u00e7amos o dia sem uma boa x\u00edcara de caf\u00e9, mas o que a ci\u00eancia vem confirmando \u00e9 que esse h\u00e1bito vai muito al\u00e9m de um simples &#8220;despertador&#8221; matinal. Um estudo recente de peso, acompanhando mais de 131 mil profissionais de sa\u00fade por quase 40 anos, trouxe dados sobre como a cafe\u00edna pode ser uma aliada poderosa da nossa longevidade cognitiva. A pesquisa, liderada pelo Dr. Dong Wang e publicada no prestigiado jornal JAMA, revelou que quem consome caf\u00e9 ou ch\u00e1 regularmente tem um risco significativamente menor de desenvolver dem\u00eancia ao longo da vida.<\/span><\/p>\n<p><span style=\"font-weight: 400;\">Os maiores consumidores de caf\u00e9 tiveram uma redu\u00e7\u00e3o de 18% no risco de dem\u00eancia em compara\u00e7\u00e3o com aqueles que quase n\u00e3o bebiam. Mas o segredo parece estar no equil\u00edbrio. O ponto da prote\u00e7\u00e3o cerebral ficou entre duas a tr\u00eas x\u00edcaras de caf\u00e9 cafeinado por dia, ou uma a duas x\u00edcaras de ch\u00e1. Curiosamente, o caf\u00e9 descafeinado n\u00e3o mostrou o mesmo efeito protetor, o que aponta para a cafe\u00edna como a grande protagonista dessa hist\u00f3ria. Ela n\u00e3o atua apenas nos deixando alertas, ela bloqueia receptores de adenosina no c\u00e9rebro que est\u00e3o ligados \u00e0 inflama\u00e7\u00e3o e ao desgaste neuronal, funcionando como um suporte extra para a nossa reserva cognitiva.<\/span><\/p>\n<p><span style=\"font-weight: 400;\">Um ponto fascinante que merece destaque \u00e9 a complexidade bioqu\u00edmica envolvida em cada gole. Embora a cafe\u00edna receba a maior parte dos holofotes devido \u00e0 sua a\u00e7\u00e3o direta nos receptores de adenosina, o caf\u00e9 e o ch\u00e1 s\u00e3o verdadeiros compostos bioativos. \u00c1cidos clorog\u00eanicos e polifen\u00f3is, presentes em abund\u00e2ncia nessas bebidas, possuem propriedades antioxidantes que combatem o estresse oxidativo nas c\u00e9lulas cerebrais. Essa sinergia ajuda a proteger a barreira hematoencef\u00e1lica, uma esp\u00e9cie de filtro natural do nosso c\u00e9rebro, impedindo que toxinas e agentes inflamat\u00f3rios circulantes causem danos aos neur\u00f4nios ao longo das d\u00e9cadas.<\/span><\/p>\n<p><span style=\"font-weight: 400;\">Al\u00e9m disso, a robustez deste estudo reside no tempo de observa\u00e7\u00e3o. Foram quase 43 anos acompanhando a rotina de milhares de pessoas. Isso \u00e9 crucial porque a dem\u00eancia n\u00e3o acontece da noite para o dia. As altera\u00e7\u00f5es no c\u00e9rebro come\u00e7am a surgir 20 ou at\u00e9 30 anos antes dos primeiros lapsos de mem\u00f3ria ficarem evidentes. Ao observar que o benef\u00edcio do caf\u00e9 se manteve consistente mesmo ap\u00f3s d\u00e9cadas, os pesquisadores refor\u00e7am a ideia de que a nutri\u00e7\u00e3o funcional atua na preven\u00e7\u00e3o prim\u00e1ria. Ou seja, beber caf\u00e9 de forma moderada na meia-idade pode estar pavimentando um caminho muito mais seguro para a sa\u00fade cognitiva na velhice.<\/span><\/p>\n<p><span style=\"font-weight: 400;\">Por fim, \u00e9 interessante observar que os benef\u00edcios n\u00e3o foram alterados pelo perfil gen\u00e9tico dos participantes, incluindo aqueles que possuem o gene APOE4, conhecido por aumentar o risco de Alzheimer. Isso sugere que a cafe\u00edna pode oferecer um n\u00edvel de prote\u00e7\u00e3o que transcende a hereditariedade. Cabe ressaltar que cada organismo processa a cafe\u00edna em uma velocidade diferente, e o excesso pode causar ansiedade ou interferir no sono, o que anularia os ganhos cerebrais. O segredo, portanto, parece ser a consist\u00eancia e a modera\u00e7\u00e3o, transformando um h\u00e1bito cultural simples em uma ferramenta estrat\u00e9gica de sa\u00fade p\u00fablica e bem-estar individual.<\/span><\/p>\n<p><span style=\"font-weight: 400;\">Dessa forma, a ci\u00eancia nos d\u00e1 mais um motivo para apreciar nossa pr\u00f3xima x\u00edcara com a consci\u00eancia tranquila. Embora n\u00e3o seja uma solu\u00e7\u00e3o m\u00e1gica, o h\u00e1bito de consumir caf\u00e9 ou ch\u00e1 cafeinado se consolida como uma pe\u00e7a acess\u00edvel e prazerosa no grande quebra-cabe\u00e7a da preserva\u00e7\u00e3o da nossa mem\u00f3ria e identidade.<\/span><\/p>\n<p><b>Refer\u00eancias<\/b><\/p>\n<ol>\n<li style=\"font-weight: 400;\" aria-level=\"1\"><span style=\"font-weight: 400;\">Wang D, Hu Y, Tabung FK, Manson JE, Willett WC, Grodstein F, et al. Coffee and tea intake and risk of dementia: a 43-year prospective study of US health professionals. JAMA. 2026 Feb 9;335(6):512-22.<\/span><\/li>\n<li style=\"font-weight: 400;\" aria-level=\"1\"><span style=\"font-weight: 400;\">George J. Daily coffee tied to brain benefits: two to three cups a day linked with less dementia risk &#8212; but not if it&#8217;s decaf. MedPage Today [Internet]. 2026 Feb 9 [citado 2026 Feb 18]; Neurology. Dispon\u00edvel em: <\/span><a href=\"https:\/\/www.medpagetoday.com\/neurology\/dementia\/119811\"><span style=\"font-weight: 400;\">https:\/\/www.medpagetoday.com\/neurology\/dementia\/119811<\/span><\/a><\/li>\n<\/ol>\n<p>&nbsp;<\/p>\n","protected":false},"excerpt":{"rendered":"<p>Giulliano Gardenghi &#8211; Coordenador cient\u00edfico da Faculdade CEAFI Muitos de n\u00f3s n\u00e3o come\u00e7amos o dia sem uma boa x\u00edcara de caf\u00e9, mas o que a ci\u00eancia vem confirmando \u00e9 que esse h\u00e1bito vai muito al\u00e9m de um simples &#8220;despertador&#8221; matinal. Um estudo recente de peso, acompanhando mais de 131 mil profissionais de sa\u00fade por quase [&hellip;]<\/p>\n","protected":false},"author":1,"featured_media":21346,"comment_status":"open","ping_status":"open","sticky":false,"template":"","format":"standard","meta":{"_eb_attr":"","footnotes":""},"categories":[17],"tags":[110],"class_list":["post-21345","post","type-post","status-publish","format-standard","has-post-thumbnail","hentry","category-blog","tag-fisioterapia-ventilacao-mecanica-uti-terapia-intensica"],"acf":[],"yoast_head":"<!-- This site is optimized with the Yoast SEO plugin v27.4 - https:\/\/yoast.com\/product\/yoast-seo-wordpress\/ -->\n<title>O caf\u00e9 e sua rela\u00e7\u00e3o contra a dem\u00eancia - | Faculdade CEAFI<\/title>\n<meta name=\"description\" content=\"Um estudo com mais de 131 mil pessoas acompanhadas por quase 40 anos revelou que duas a tr\u00eas x\u00edcaras de caf\u00e9 por dia podem reduzir em 18% o risco de dem\u00eancia \u2014 e a cafe\u00edna \u00e9 a grande protagonista dessa hist\u00f3ria.\" \/>\n<meta name=\"robots\" content=\"index, follow, max-snippet:-1, max-image-preview:large, max-video-preview:-1\" \/>\n<link rel=\"canonical\" href=\"https:\/\/ceafi.edu.br\/site\/2026\/04\/25\/o-cafe-e-sua-relacao-contra-a-demencia\/\" \/>\n<meta property=\"og:locale\" content=\"pt_BR\" \/>\n<meta property=\"og:type\" content=\"article\" \/>\n<meta property=\"og:title\" content=\"O caf\u00e9 e sua rela\u00e7\u00e3o contra a dem\u00eancia - | Faculdade CEAFI\" \/>\n<meta property=\"og:description\" content=\"Um estudo com mais de 131 mil pessoas acompanhadas por quase 40 anos revelou que duas a tr\u00eas x\u00edcaras de caf\u00e9 por dia podem reduzir em 18% o risco de dem\u00eancia \u2014 e a cafe\u00edna \u00e9 a grande protagonista dessa hist\u00f3ria.\" \/>\n<meta property=\"og:url\" content=\"https:\/\/ceafi.edu.br\/site\/2026\/04\/25\/o-cafe-e-sua-relacao-contra-a-demencia\/\" \/>\n<meta property=\"og:site_name\" content=\"CEAFI\" \/>\n<meta property=\"article:published_time\" content=\"2026-04-25T22:54:37+00:00\" \/>\n<meta property=\"og:image\" content=\"https:\/\/ceafi.edu.br\/site\/wp-content\/uploads\/2026\/04\/cafe-estudos.webp\" \/>\n\t<meta property=\"og:image:width\" content=\"1536\" \/>\n\t<meta property=\"og:image:height\" content=\"1024\" \/>\n\t<meta property=\"og:image:type\" content=\"image\/webp\" \/>\n<meta name=\"author\" content=\"usuario3ADS\" \/>\n<meta name=\"twitter:card\" content=\"summary_large_image\" \/>\n<meta name=\"twitter:label1\" content=\"Escrito por\" \/>\n\t<meta name=\"twitter:data1\" content=\"usuario3ADS\" \/>\n\t<meta name=\"twitter:label2\" content=\"Est. tempo de leitura\" \/>\n\t<meta name=\"twitter:data2\" content=\"4 minutos\" \/>\n<script type=\"application\/ld+json\" class=\"yoast-schema-graph\">{\"@context\":\"https:\\\/\\\/schema.org\",\"@graph\":[{\"@type\":\"Article\",\"@id\":\"https:\\\/\\\/ceafi.edu.br\\\/site\\\/2026\\\/04\\\/25\\\/o-cafe-e-sua-relacao-contra-a-demencia\\\/#article\",\"isPartOf\":{\"@id\":\"https:\\\/\\\/ceafi.edu.br\\\/site\\\/2026\\\/04\\\/25\\\/o-cafe-e-sua-relacao-contra-a-demencia\\\/\"},\"author\":{\"name\":\"usuario3ADS\",\"@id\":\"https:\\\/\\\/ceafi.edu.br\\\/site\\\/#\\\/schema\\\/person\\\/16b0e5ffad9f3800a3e8bab6fdc6cfb4\"},\"headline\":\"O caf\u00e9 e sua rela\u00e7\u00e3o contra a dem\u00eancia\",\"datePublished\":\"2026-04-25T22:54:37+00:00\",\"mainEntityOfPage\":{\"@id\":\"https:\\\/\\\/ceafi.edu.br\\\/site\\\/2026\\\/04\\\/25\\\/o-cafe-e-sua-relacao-contra-a-demencia\\\/\"},\"wordCount\":715,\"commentCount\":0,\"publisher\":{\"@id\":\"https:\\\/\\\/ceafi.edu.br\\\/site\\\/#organization\"},\"image\":{\"@id\":\"https:\\\/\\\/ceafi.edu.br\\\/site\\\/2026\\\/04\\\/25\\\/o-cafe-e-sua-relacao-contra-a-demencia\\\/#primaryimage\"},\"thumbnailUrl\":\"https:\\\/\\\/ceafi.edu.br\\\/site\\\/wp-content\\\/uploads\\\/2026\\\/04\\\/cafe-estudos.webp\",\"keywords\":[\"fisioterapia ventilacao mecanica uti terapia intensica\"],\"articleSection\":[\"Blog\"],\"inLanguage\":\"pt-BR\",\"potentialAction\":[{\"@type\":\"CommentAction\",\"name\":\"Comment\",\"target\":[\"https:\\\/\\\/ceafi.edu.br\\\/site\\\/2026\\\/04\\\/25\\\/o-cafe-e-sua-relacao-contra-a-demencia\\\/#respond\"]}]},{\"@type\":\"WebPage\",\"@id\":\"https:\\\/\\\/ceafi.edu.br\\\/site\\\/2026\\\/04\\\/25\\\/o-cafe-e-sua-relacao-contra-a-demencia\\\/\",\"url\":\"https:\\\/\\\/ceafi.edu.br\\\/site\\\/2026\\\/04\\\/25\\\/o-cafe-e-sua-relacao-contra-a-demencia\\\/\",\"name\":\"O caf\u00e9 e sua rela\u00e7\u00e3o contra a dem\u00eancia - | Faculdade CEAFI\",\"isPartOf\":{\"@id\":\"https:\\\/\\\/ceafi.edu.br\\\/site\\\/#website\"},\"primaryImageOfPage\":{\"@id\":\"https:\\\/\\\/ceafi.edu.br\\\/site\\\/2026\\\/04\\\/25\\\/o-cafe-e-sua-relacao-contra-a-demencia\\\/#primaryimage\"},\"image\":{\"@id\":\"https:\\\/\\\/ceafi.edu.br\\\/site\\\/2026\\\/04\\\/25\\\/o-cafe-e-sua-relacao-contra-a-demencia\\\/#primaryimage\"},\"thumbnailUrl\":\"https:\\\/\\\/ceafi.edu.br\\\/site\\\/wp-content\\\/uploads\\\/2026\\\/04\\\/cafe-estudos.webp\",\"datePublished\":\"2026-04-25T22:54:37+00:00\",\"description\":\"Um estudo com mais de 131 mil pessoas acompanhadas por quase 40 anos revelou que duas a tr\u00eas x\u00edcaras de caf\u00e9 por dia podem reduzir em 18% o risco de dem\u00eancia \u2014 e a cafe\u00edna \u00e9 a grande protagonista dessa hist\u00f3ria.\",\"inLanguage\":\"pt-BR\",\"potentialAction\":[{\"@type\":\"ReadAction\",\"target\":[\"https:\\\/\\\/ceafi.edu.br\\\/site\\\/2026\\\/04\\\/25\\\/o-cafe-e-sua-relacao-contra-a-demencia\\\/\"]}]},{\"@type\":\"ImageObject\",\"inLanguage\":\"pt-BR\",\"@id\":\"https:\\\/\\\/ceafi.edu.br\\\/site\\\/2026\\\/04\\\/25\\\/o-cafe-e-sua-relacao-contra-a-demencia\\\/#primaryimage\",\"url\":\"https:\\\/\\\/ceafi.edu.br\\\/site\\\/wp-content\\\/uploads\\\/2026\\\/04\\\/cafe-estudos.webp\",\"contentUrl\":\"https:\\\/\\\/ceafi.edu.br\\\/site\\\/wp-content\\\/uploads\\\/2026\\\/04\\\/cafe-estudos.webp\",\"width\":1536,\"height\":1024,\"caption\":\"O caf\u00e9 e sua rela\u00e7\u00e3o contra a dem\u00eancia\"},{\"@type\":\"WebSite\",\"@id\":\"https:\\\/\\\/ceafi.edu.br\\\/site\\\/#website\",\"url\":\"https:\\\/\\\/ceafi.edu.br\\\/site\\\/\",\"name\":\"CEAFI\",\"description\":\"O CEAFI A N\u00famero 1 em Cursos de P\u00f3s Gradua\u00e7\u00e3o e Aperfei\u00e7oamento em Fisioterapia.\",\"publisher\":{\"@id\":\"https:\\\/\\\/ceafi.edu.br\\\/site\\\/#organization\"},\"potentialAction\":[{\"@type\":\"SearchAction\",\"target\":{\"@type\":\"EntryPoint\",\"urlTemplate\":\"https:\\\/\\\/ceafi.edu.br\\\/site\\\/?s={search_term_string}\"},\"query-input\":{\"@type\":\"PropertyValueSpecification\",\"valueRequired\":true,\"valueName\":\"search_term_string\"}}],\"inLanguage\":\"pt-BR\"},{\"@type\":\"Organization\",\"@id\":\"https:\\\/\\\/ceafi.edu.br\\\/site\\\/#organization\",\"name\":\"CEAFI\",\"url\":\"https:\\\/\\\/ceafi.edu.br\\\/site\\\/\",\"logo\":{\"@type\":\"ImageObject\",\"inLanguage\":\"pt-BR\",\"@id\":\"https:\\\/\\\/ceafi.edu.br\\\/site\\\/#\\\/schema\\\/logo\\\/image\\\/\",\"url\":\"https:\\\/\\\/ceafi.edu.br\\\/site\\\/wp-content\\\/uploads\\\/2023\\\/07\\\/Group-2.png\",\"contentUrl\":\"https:\\\/\\\/ceafi.edu.br\\\/site\\\/wp-content\\\/uploads\\\/2023\\\/07\\\/Group-2.png\",\"width\":230,\"height\":82,\"caption\":\"CEAFI\"},\"image\":{\"@id\":\"https:\\\/\\\/ceafi.edu.br\\\/site\\\/#\\\/schema\\\/logo\\\/image\\\/\"}},{\"@type\":\"Person\",\"@id\":\"https:\\\/\\\/ceafi.edu.br\\\/site\\\/#\\\/schema\\\/person\\\/16b0e5ffad9f3800a3e8bab6fdc6cfb4\",\"name\":\"usuario3ADS\",\"image\":{\"@type\":\"ImageObject\",\"inLanguage\":\"pt-BR\",\"@id\":\"https:\\\/\\\/secure.gravatar.com\\\/avatar\\\/2ab571c37b35d9c1fec9f5ec1b50cb615dfd640c65384e07a5e98515b55ce8cb?s=96&d=mm&r=g\",\"url\":\"https:\\\/\\\/secure.gravatar.com\\\/avatar\\\/2ab571c37b35d9c1fec9f5ec1b50cb615dfd640c65384e07a5e98515b55ce8cb?s=96&d=mm&r=g\",\"contentUrl\":\"https:\\\/\\\/secure.gravatar.com\\\/avatar\\\/2ab571c37b35d9c1fec9f5ec1b50cb615dfd640c65384e07a5e98515b55ce8cb?s=96&d=mm&r=g\",\"caption\":\"usuario3ADS\"},\"sameAs\":[\"https:\\\/\\\/3adsux.com.br\\\/ceafi\"],\"url\":\"https:\\\/\\\/ceafi.edu.br\\\/site\\\/author\\\/usuario3ads\\\/\"}]}<\/script>\n<!-- \/ Yoast SEO plugin. -->","yoast_head_json":{"title":"O caf\u00e9 e sua rela\u00e7\u00e3o contra a dem\u00eancia - | Faculdade CEAFI","description":"Um estudo com mais de 131 mil pessoas acompanhadas por quase 40 anos revelou que duas a tr\u00eas x\u00edcaras de caf\u00e9 por dia podem reduzir em 18% o risco de dem\u00eancia \u2014 e a cafe\u00edna \u00e9 a grande protagonista dessa hist\u00f3ria.","robots":{"index":"index","follow":"follow","max-snippet":"max-snippet:-1","max-image-preview":"max-image-preview:large","max-video-preview":"max-video-preview:-1"},"canonical":"https:\/\/ceafi.edu.br\/site\/2026\/04\/25\/o-cafe-e-sua-relacao-contra-a-demencia\/","og_locale":"pt_BR","og_type":"article","og_title":"O caf\u00e9 e sua rela\u00e7\u00e3o contra a dem\u00eancia - | Faculdade CEAFI","og_description":"Um estudo com mais de 131 mil pessoas acompanhadas por quase 40 anos revelou que duas a tr\u00eas x\u00edcaras de caf\u00e9 por dia podem reduzir em 18% o risco de dem\u00eancia \u2014 e a cafe\u00edna \u00e9 a grande protagonista dessa hist\u00f3ria.","og_url":"https:\/\/ceafi.edu.br\/site\/2026\/04\/25\/o-cafe-e-sua-relacao-contra-a-demencia\/","og_site_name":"CEAFI","article_published_time":"2026-04-25T22:54:37+00:00","og_image":[{"width":1536,"height":1024,"url":"https:\/\/ceafi.edu.br\/site\/wp-content\/uploads\/2026\/04\/cafe-estudos.webp","type":"image\/webp"}],"author":"usuario3ADS","twitter_card":"summary_large_image","twitter_misc":{"Escrito por":"usuario3ADS","Est. tempo de leitura":"4 minutos"},"schema":{"@context":"https:\/\/schema.org","@graph":[{"@type":"Article","@id":"https:\/\/ceafi.edu.br\/site\/2026\/04\/25\/o-cafe-e-sua-relacao-contra-a-demencia\/#article","isPartOf":{"@id":"https:\/\/ceafi.edu.br\/site\/2026\/04\/25\/o-cafe-e-sua-relacao-contra-a-demencia\/"},"author":{"name":"usuario3ADS","@id":"https:\/\/ceafi.edu.br\/site\/#\/schema\/person\/16b0e5ffad9f3800a3e8bab6fdc6cfb4"},"headline":"O caf\u00e9 e sua rela\u00e7\u00e3o contra a dem\u00eancia","datePublished":"2026-04-25T22:54:37+00:00","mainEntityOfPage":{"@id":"https:\/\/ceafi.edu.br\/site\/2026\/04\/25\/o-cafe-e-sua-relacao-contra-a-demencia\/"},"wordCount":715,"commentCount":0,"publisher":{"@id":"https:\/\/ceafi.edu.br\/site\/#organization"},"image":{"@id":"https:\/\/ceafi.edu.br\/site\/2026\/04\/25\/o-cafe-e-sua-relacao-contra-a-demencia\/#primaryimage"},"thumbnailUrl":"https:\/\/ceafi.edu.br\/site\/wp-content\/uploads\/2026\/04\/cafe-estudos.webp","keywords":["fisioterapia ventilacao mecanica uti terapia intensica"],"articleSection":["Blog"],"inLanguage":"pt-BR","potentialAction":[{"@type":"CommentAction","name":"Comment","target":["https:\/\/ceafi.edu.br\/site\/2026\/04\/25\/o-cafe-e-sua-relacao-contra-a-demencia\/#respond"]}]},{"@type":"WebPage","@id":"https:\/\/ceafi.edu.br\/site\/2026\/04\/25\/o-cafe-e-sua-relacao-contra-a-demencia\/","url":"https:\/\/ceafi.edu.br\/site\/2026\/04\/25\/o-cafe-e-sua-relacao-contra-a-demencia\/","name":"O caf\u00e9 e sua rela\u00e7\u00e3o contra a dem\u00eancia - | Faculdade CEAFI","isPartOf":{"@id":"https:\/\/ceafi.edu.br\/site\/#website"},"primaryImageOfPage":{"@id":"https:\/\/ceafi.edu.br\/site\/2026\/04\/25\/o-cafe-e-sua-relacao-contra-a-demencia\/#primaryimage"},"image":{"@id":"https:\/\/ceafi.edu.br\/site\/2026\/04\/25\/o-cafe-e-sua-relacao-contra-a-demencia\/#primaryimage"},"thumbnailUrl":"https:\/\/ceafi.edu.br\/site\/wp-content\/uploads\/2026\/04\/cafe-estudos.webp","datePublished":"2026-04-25T22:54:37+00:00","description":"Um estudo com mais de 131 mil pessoas acompanhadas por quase 40 anos revelou que duas a tr\u00eas x\u00edcaras de caf\u00e9 por dia podem reduzir em 18% o risco de dem\u00eancia \u2014 e a cafe\u00edna \u00e9 a grande protagonista dessa hist\u00f3ria.","inLanguage":"pt-BR","potentialAction":[{"@type":"ReadAction","target":["https:\/\/ceafi.edu.br\/site\/2026\/04\/25\/o-cafe-e-sua-relacao-contra-a-demencia\/"]}]},{"@type":"ImageObject","inLanguage":"pt-BR","@id":"https:\/\/ceafi.edu.br\/site\/2026\/04\/25\/o-cafe-e-sua-relacao-contra-a-demencia\/#primaryimage","url":"https:\/\/ceafi.edu.br\/site\/wp-content\/uploads\/2026\/04\/cafe-estudos.webp","contentUrl":"https:\/\/ceafi.edu.br\/site\/wp-content\/uploads\/2026\/04\/cafe-estudos.webp","width":1536,"height":1024,"caption":"O caf\u00e9 e sua rela\u00e7\u00e3o contra a dem\u00eancia"},{"@type":"WebSite","@id":"https:\/\/ceafi.edu.br\/site\/#website","url":"https:\/\/ceafi.edu.br\/site\/","name":"CEAFI","description":"O CEAFI A N\u00famero 1 em Cursos de P\u00f3s Gradua\u00e7\u00e3o e Aperfei\u00e7oamento em Fisioterapia.","publisher":{"@id":"https:\/\/ceafi.edu.br\/site\/#organization"},"potentialAction":[{"@type":"SearchAction","target":{"@type":"EntryPoint","urlTemplate":"https:\/\/ceafi.edu.br\/site\/?s={search_term_string}"},"query-input":{"@type":"PropertyValueSpecification","valueRequired":true,"valueName":"search_term_string"}}],"inLanguage":"pt-BR"},{"@type":"Organization","@id":"https:\/\/ceafi.edu.br\/site\/#organization","name":"CEAFI","url":"https:\/\/ceafi.edu.br\/site\/","logo":{"@type":"ImageObject","inLanguage":"pt-BR","@id":"https:\/\/ceafi.edu.br\/site\/#\/schema\/logo\/image\/","url":"https:\/\/ceafi.edu.br\/site\/wp-content\/uploads\/2023\/07\/Group-2.png","contentUrl":"https:\/\/ceafi.edu.br\/site\/wp-content\/uploads\/2023\/07\/Group-2.png","width":230,"height":82,"caption":"CEAFI"},"image":{"@id":"https:\/\/ceafi.edu.br\/site\/#\/schema\/logo\/image\/"}},{"@type":"Person","@id":"https:\/\/ceafi.edu.br\/site\/#\/schema\/person\/16b0e5ffad9f3800a3e8bab6fdc6cfb4","name":"usuario3ADS","image":{"@type":"ImageObject","inLanguage":"pt-BR","@id":"https:\/\/secure.gravatar.com\/avatar\/2ab571c37b35d9c1fec9f5ec1b50cb615dfd640c65384e07a5e98515b55ce8cb?s=96&d=mm&r=g","url":"https:\/\/secure.gravatar.com\/avatar\/2ab571c37b35d9c1fec9f5ec1b50cb615dfd640c65384e07a5e98515b55ce8cb?s=96&d=mm&r=g","contentUrl":"https:\/\/secure.gravatar.com\/avatar\/2ab571c37b35d9c1fec9f5ec1b50cb615dfd640c65384e07a5e98515b55ce8cb?s=96&d=mm&r=g","caption":"usuario3ADS"},"sameAs":["https:\/\/3adsux.com.br\/ceafi"],"url":"https:\/\/ceafi.edu.br\/site\/author\/usuario3ads\/"}]}},"_links":{"self":[{"href":"https:\/\/ceafi.edu.br\/site\/wp-json\/wp\/v2\/posts\/21345","targetHints":{"allow":["GET"]}}],"collection":[{"href":"https:\/\/ceafi.edu.br\/site\/wp-json\/wp\/v2\/posts"}],"about":[{"href":"https:\/\/ceafi.edu.br\/site\/wp-json\/wp\/v2\/types\/post"}],"author":[{"embeddable":true,"href":"https:\/\/ceafi.edu.br\/site\/wp-json\/wp\/v2\/users\/1"}],"replies":[{"embeddable":true,"href":"https:\/\/ceafi.edu.br\/site\/wp-json\/wp\/v2\/comments?post=21345"}],"version-history":[{"count":1,"href":"https:\/\/ceafi.edu.br\/site\/wp-json\/wp\/v2\/posts\/21345\/revisions"}],"predecessor-version":[{"id":21347,"href":"https:\/\/ceafi.edu.br\/site\/wp-json\/wp\/v2\/posts\/21345\/revisions\/21347"}],"wp:featuredmedia":[{"embeddable":true,"href":"https:\/\/ceafi.edu.br\/site\/wp-json\/wp\/v2\/media\/21346"}],"wp:attachment":[{"href":"https:\/\/ceafi.edu.br\/site\/wp-json\/wp\/v2\/media?parent=21345"}],"wp:term":[{"taxonomy":"category","embeddable":true,"href":"https:\/\/ceafi.edu.br\/site\/wp-json\/wp\/v2\/categories?post=21345"},{"taxonomy":"post_tag","embeddable":true,"href":"https:\/\/ceafi.edu.br\/site\/wp-json\/wp\/v2\/tags?post=21345"}],"curies":[{"name":"wp","href":"https:\/\/api.w.org\/{rel}","templated":true}]}}