{"id":20512,"date":"2024-09-06T14:47:57","date_gmt":"2024-09-06T14:47:57","guid":{"rendered":"https:\/\/ceafi.edu.br\/site\/?p=20512"},"modified":"2024-09-06T15:38:14","modified_gmt":"2024-09-06T15:38:14","slug":"impacto-da-fisioterapia-durante-choque-septico-no-musculo-esqueletico-em-individuos-na-uti","status":"publish","type":"post","link":"https:\/\/ceafi.edu.br\/site\/2024\/09\/06\/impacto-da-fisioterapia-durante-choque-septico-no-musculo-esqueletico-em-individuos-na-uti\/","title":{"rendered":"Impacto da fisioterapia durante choque s\u00e9ptico no m\u00fasculo esquel\u00e9tico em indiv\u00edduos na UTI"},"content":{"rendered":"<p>O estado catab\u00f3lico induzido pelo choque s\u00e9ptico, juntamente com a inatividade f\u00edsica dos pacientes, leva \u00e0 r\u00e1pida perda de massa muscular e comprometimento da fun\u00e7\u00e3o. O estudo de Hickmann e colaboradores teve por objetivo testar se uma fisioterapia precoce durante o in\u00edcio do choque s\u00e9ptico regula os sinais catab\u00f3licos e preserva a massa muscular esquel\u00e9tica. Por meio de um ensaio cl\u00ednico randomizado e controlado, realizado em uma UTI mista, os autores estudaram pacientes adultos internados por choque s\u00e9ptico nas primeiras 72 horas, que foram divididos aleatoriamente em dois grupos. O grupo de controle se beneficiou da mobiliza\u00e7\u00e3o manual uma vez ao dia. O grupo de interven\u00e7\u00e3o teve sess\u00f5es duas vezes ao dia de mobiliza\u00e7\u00e3o manual e terapia de ciclismo passivo\/ativo de 30 minutos.<\/p>\n<p>Foram realizadas bi\u00f3psias do m\u00fasculo esquel\u00e9tico e testes de eletrofisiologia nos dias 1 e 7 da interna\u00e7\u00e3o. As bi\u00f3psias musculares foram analisadas quanto \u00e0 histologia e aos componentes moleculares das vias de sinaliza\u00e7\u00e3o que regulam a s\u00edntese e degrada\u00e7\u00e3o de prote\u00ednas, bem como marcadores de inflama\u00e7\u00e3o. Valores hemodin\u00e2micos e percep\u00e7\u00e3o do paciente foram coletados durante cada sess\u00e3o. Vinte e um pacientes foram inclu\u00eddos. Tr\u00eas morreram antes da segunda bi\u00f3psia muscular. Dez pacientes no grupo controle e oito no grupo de interven\u00e7\u00e3o foram analisados. A \u00e1rea transversal da fibra muscular (\u00b5m) foi preservada pelo exerc\u00edcio (-25,8% \u00b1 21,6% no controle versus 12,4% \u00b1 22,5% no grupo de interven\u00e7\u00e3o; p = 0,005).<\/p>\n<p>As regula\u00e7\u00f5es moleculares sugerem que a ativa\u00e7\u00e3o excessiva da autofagia devido ao choque s\u00e9ptico foi menor no grupo de interven\u00e7\u00e3o, sem ser suprimida. Os marcadores de anabolismo e inflama\u00e7\u00e3o n\u00e3o foram modificados pela interven\u00e7\u00e3o, que foi bem tolerada pelos pacientes. O estudo em quest\u00e3o conclui que a fisioterapia durante a primeira semana de choque s\u00e9ptico \u00e9 segura e preserva a \u00e1rea transversal das fibras musculares.<\/p>\n<p><strong><em>Por: Giulliano Gardenghi<\/em><\/strong><\/p>\n<p><em>Coordenador Cient\u00edfico da Faculdade CEAFI<\/em><\/p>\n<p>CLIQUE AQUI E VEJA O CONTE\u00daDO COMPLETO<\/p>\n<h5><a href=\"https:\/\/drive.google.com\/file\/d\/1miw1t8Sp5Nte5xkS-8frdoRRbXgqKiux\/view?usp=sharing\">CLIQUE AQUI E VEJA O CONTE\u00daDO https:\/\/drive.google.com\/file\/d\/1miw1t8Sp5Nte5xkS-8frdoRRbXgqKiux\/view?usp=sharing<\/a><\/h5>\n<p><strong>Refer\u00eancia<\/strong><\/p>\n<p>Hickmann CE, Castanares-Zapatero D, Deldicque L, Van den Bergh P, Caty G, Robert A, Roeseler J, Francaux M, Laterre PF. Impact of Very Early Physical Therapy During Septic Shock on Skeletal Muscle: A Randomized Controlled Trial. Crit Care Med. 2018 Sep;46(9):1436-1443. doi: 10.1097\/CCM.0000000000003263.<\/p>\n","protected":false},"excerpt":{"rendered":"<p>O estado catab\u00f3lico induzido pelo choque s\u00e9ptico, juntamente com a inatividade f\u00edsica dos pacientes, leva \u00e0 r\u00e1pida perda de massa muscular e comprometimento da fun\u00e7\u00e3o. O estudo de Hickmann e colaboradores teve por objetivo testar se uma fisioterapia precoce durante o in\u00edcio do choque s\u00e9ptico regula os sinais catab\u00f3licos e preserva a massa muscular esquel\u00e9tica. [&hellip;]<\/p>\n","protected":false},"author":1,"featured_media":20515,"comment_status":"open","ping_status":"open","sticky":false,"template":"","format":"standard","meta":{"_eb_attr":"","footnotes":""},"categories":[17],"tags":[],"class_list":["post-20512","post","type-post","status-publish","format-standard","has-post-thumbnail","hentry","category-blog"],"acf":[],"yoast_head":"<!-- This site is optimized with the Yoast SEO plugin v27.4 - https:\/\/yoast.com\/product\/yoast-seo-wordpress\/ -->\n<title>Impacto da fisioterapia durante choque s\u00e9ptico no m\u00fasculo esquel\u00e9tico em indiv\u00edduos na UTI - CEAFI<\/title>\n<meta name=\"robots\" content=\"index, follow, max-snippet:-1, max-image-preview:large, max-video-preview:-1\" \/>\n<link rel=\"canonical\" href=\"https:\/\/ceafi.edu.br\/site\/2024\/09\/06\/impacto-da-fisioterapia-durante-choque-septico-no-musculo-esqueletico-em-individuos-na-uti\/\" \/>\n<meta property=\"og:locale\" content=\"pt_BR\" \/>\n<meta property=\"og:type\" content=\"article\" \/>\n<meta property=\"og:title\" content=\"Impacto da fisioterapia durante choque s\u00e9ptico no m\u00fasculo esquel\u00e9tico em indiv\u00edduos na UTI - CEAFI\" \/>\n<meta property=\"og:description\" content=\"O estado catab\u00f3lico induzido pelo choque s\u00e9ptico, juntamente com a inatividade f\u00edsica dos pacientes, leva \u00e0 r\u00e1pida perda de massa muscular e comprometimento da fun\u00e7\u00e3o. O estudo de Hickmann e colaboradores teve por objetivo testar se uma fisioterapia precoce durante o in\u00edcio do choque s\u00e9ptico regula os sinais catab\u00f3licos e preserva a massa muscular esquel\u00e9tica. [&hellip;]\" \/>\n<meta property=\"og:url\" content=\"https:\/\/ceafi.edu.br\/site\/2024\/09\/06\/impacto-da-fisioterapia-durante-choque-septico-no-musculo-esqueletico-em-individuos-na-uti\/\" \/>\n<meta property=\"og:site_name\" content=\"CEAFI\" \/>\n<meta property=\"article:published_time\" content=\"2024-09-06T14:47:57+00:00\" \/>\n<meta property=\"article:modified_time\" content=\"2024-09-06T15:38:14+00:00\" \/>\n<meta property=\"og:image\" content=\"https:\/\/ceafi.edu.br\/site\/wp-content\/uploads\/2024\/09\/Agrupar-2.png\" \/>\n\t<meta property=\"og:image:width\" content=\"1080\" \/>\n\t<meta property=\"og:image:height\" content=\"699\" \/>\n\t<meta property=\"og:image:type\" content=\"image\/png\" \/>\n<meta name=\"author\" content=\"usuario3ADS\" \/>\n<meta name=\"twitter:card\" content=\"summary_large_image\" \/>\n<meta name=\"twitter:label1\" content=\"Escrito por\" \/>\n\t<meta name=\"twitter:data1\" content=\"usuario3ADS\" \/>\n\t<meta name=\"twitter:label2\" content=\"Est. tempo de leitura\" \/>\n\t<meta name=\"twitter:data2\" content=\"3 minutos\" \/>\n<script type=\"application\/ld+json\" class=\"yoast-schema-graph\">{\"@context\":\"https:\\\/\\\/schema.org\",\"@graph\":[{\"@type\":\"Article\",\"@id\":\"https:\\\/\\\/ceafi.edu.br\\\/site\\\/2024\\\/09\\\/06\\\/impacto-da-fisioterapia-durante-choque-septico-no-musculo-esqueletico-em-individuos-na-uti\\\/#article\",\"isPartOf\":{\"@id\":\"https:\\\/\\\/ceafi.edu.br\\\/site\\\/2024\\\/09\\\/06\\\/impacto-da-fisioterapia-durante-choque-septico-no-musculo-esqueletico-em-individuos-na-uti\\\/\"},\"author\":{\"name\":\"usuario3ADS\",\"@id\":\"https:\\\/\\\/ceafi.edu.br\\\/site\\\/#\\\/schema\\\/person\\\/16b0e5ffad9f3800a3e8bab6fdc6cfb4\"},\"headline\":\"Impacto da fisioterapia durante choque s\u00e9ptico no m\u00fasculo esquel\u00e9tico em indiv\u00edduos na UTI\",\"datePublished\":\"2024-09-06T14:47:57+00:00\",\"dateModified\":\"2024-09-06T15:38:14+00:00\",\"mainEntityOfPage\":{\"@id\":\"https:\\\/\\\/ceafi.edu.br\\\/site\\\/2024\\\/09\\\/06\\\/impacto-da-fisioterapia-durante-choque-septico-no-musculo-esqueletico-em-individuos-na-uti\\\/\"},\"wordCount\":429,\"commentCount\":0,\"publisher\":{\"@id\":\"https:\\\/\\\/ceafi.edu.br\\\/site\\\/#organization\"},\"image\":{\"@id\":\"https:\\\/\\\/ceafi.edu.br\\\/site\\\/2024\\\/09\\\/06\\\/impacto-da-fisioterapia-durante-choque-septico-no-musculo-esqueletico-em-individuos-na-uti\\\/#primaryimage\"},\"thumbnailUrl\":\"https:\\\/\\\/ceafi.edu.br\\\/site\\\/wp-content\\\/uploads\\\/2024\\\/09\\\/Agrupar-2.png\",\"articleSection\":[\"Blog\"],\"inLanguage\":\"pt-BR\",\"potentialAction\":[{\"@type\":\"CommentAction\",\"name\":\"Comment\",\"target\":[\"https:\\\/\\\/ceafi.edu.br\\\/site\\\/2024\\\/09\\\/06\\\/impacto-da-fisioterapia-durante-choque-septico-no-musculo-esqueletico-em-individuos-na-uti\\\/#respond\"]}]},{\"@type\":\"WebPage\",\"@id\":\"https:\\\/\\\/ceafi.edu.br\\\/site\\\/2024\\\/09\\\/06\\\/impacto-da-fisioterapia-durante-choque-septico-no-musculo-esqueletico-em-individuos-na-uti\\\/\",\"url\":\"https:\\\/\\\/ceafi.edu.br\\\/site\\\/2024\\\/09\\\/06\\\/impacto-da-fisioterapia-durante-choque-septico-no-musculo-esqueletico-em-individuos-na-uti\\\/\",\"name\":\"Impacto da fisioterapia durante choque s\u00e9ptico no m\u00fasculo esquel\u00e9tico em indiv\u00edduos na UTI - CEAFI\",\"isPartOf\":{\"@id\":\"https:\\\/\\\/ceafi.edu.br\\\/site\\\/#website\"},\"primaryImageOfPage\":{\"@id\":\"https:\\\/\\\/ceafi.edu.br\\\/site\\\/2024\\\/09\\\/06\\\/impacto-da-fisioterapia-durante-choque-septico-no-musculo-esqueletico-em-individuos-na-uti\\\/#primaryimage\"},\"image\":{\"@id\":\"https:\\\/\\\/ceafi.edu.br\\\/site\\\/2024\\\/09\\\/06\\\/impacto-da-fisioterapia-durante-choque-septico-no-musculo-esqueletico-em-individuos-na-uti\\\/#primaryimage\"},\"thumbnailUrl\":\"https:\\\/\\\/ceafi.edu.br\\\/site\\\/wp-content\\\/uploads\\\/2024\\\/09\\\/Agrupar-2.png\",\"datePublished\":\"2024-09-06T14:47:57+00:00\",\"dateModified\":\"2024-09-06T15:38:14+00:00\",\"inLanguage\":\"pt-BR\",\"potentialAction\":[{\"@type\":\"ReadAction\",\"target\":[\"https:\\\/\\\/ceafi.edu.br\\\/site\\\/2024\\\/09\\\/06\\\/impacto-da-fisioterapia-durante-choque-septico-no-musculo-esqueletico-em-individuos-na-uti\\\/\"]}]},{\"@type\":\"ImageObject\",\"inLanguage\":\"pt-BR\",\"@id\":\"https:\\\/\\\/ceafi.edu.br\\\/site\\\/2024\\\/09\\\/06\\\/impacto-da-fisioterapia-durante-choque-septico-no-musculo-esqueletico-em-individuos-na-uti\\\/#primaryimage\",\"url\":\"https:\\\/\\\/ceafi.edu.br\\\/site\\\/wp-content\\\/uploads\\\/2024\\\/09\\\/Agrupar-2.png\",\"contentUrl\":\"https:\\\/\\\/ceafi.edu.br\\\/site\\\/wp-content\\\/uploads\\\/2024\\\/09\\\/Agrupar-2.png\",\"width\":1080,\"height\":699},{\"@type\":\"WebSite\",\"@id\":\"https:\\\/\\\/ceafi.edu.br\\\/site\\\/#website\",\"url\":\"https:\\\/\\\/ceafi.edu.br\\\/site\\\/\",\"name\":\"CEAFI\",\"description\":\"O CEAFI A N\u00famero 1 em Cursos de P\u00f3s Gradua\u00e7\u00e3o e Aperfei\u00e7oamento em Fisioterapia.\",\"publisher\":{\"@id\":\"https:\\\/\\\/ceafi.edu.br\\\/site\\\/#organization\"},\"potentialAction\":[{\"@type\":\"SearchAction\",\"target\":{\"@type\":\"EntryPoint\",\"urlTemplate\":\"https:\\\/\\\/ceafi.edu.br\\\/site\\\/?s={search_term_string}\"},\"query-input\":{\"@type\":\"PropertyValueSpecification\",\"valueRequired\":true,\"valueName\":\"search_term_string\"}}],\"inLanguage\":\"pt-BR\"},{\"@type\":\"Organization\",\"@id\":\"https:\\\/\\\/ceafi.edu.br\\\/site\\\/#organization\",\"name\":\"CEAFI\",\"url\":\"https:\\\/\\\/ceafi.edu.br\\\/site\\\/\",\"logo\":{\"@type\":\"ImageObject\",\"inLanguage\":\"pt-BR\",\"@id\":\"https:\\\/\\\/ceafi.edu.br\\\/site\\\/#\\\/schema\\\/logo\\\/image\\\/\",\"url\":\"https:\\\/\\\/ceafi.edu.br\\\/site\\\/wp-content\\\/uploads\\\/2023\\\/07\\\/Group-2.png\",\"contentUrl\":\"https:\\\/\\\/ceafi.edu.br\\\/site\\\/wp-content\\\/uploads\\\/2023\\\/07\\\/Group-2.png\",\"width\":230,\"height\":82,\"caption\":\"CEAFI\"},\"image\":{\"@id\":\"https:\\\/\\\/ceafi.edu.br\\\/site\\\/#\\\/schema\\\/logo\\\/image\\\/\"}},{\"@type\":\"Person\",\"@id\":\"https:\\\/\\\/ceafi.edu.br\\\/site\\\/#\\\/schema\\\/person\\\/16b0e5ffad9f3800a3e8bab6fdc6cfb4\",\"name\":\"usuario3ADS\",\"image\":{\"@type\":\"ImageObject\",\"inLanguage\":\"pt-BR\",\"@id\":\"https:\\\/\\\/secure.gravatar.com\\\/avatar\\\/2ab571c37b35d9c1fec9f5ec1b50cb615dfd640c65384e07a5e98515b55ce8cb?s=96&d=mm&r=g\",\"url\":\"https:\\\/\\\/secure.gravatar.com\\\/avatar\\\/2ab571c37b35d9c1fec9f5ec1b50cb615dfd640c65384e07a5e98515b55ce8cb?s=96&d=mm&r=g\",\"contentUrl\":\"https:\\\/\\\/secure.gravatar.com\\\/avatar\\\/2ab571c37b35d9c1fec9f5ec1b50cb615dfd640c65384e07a5e98515b55ce8cb?s=96&d=mm&r=g\",\"caption\":\"usuario3ADS\"},\"sameAs\":[\"https:\\\/\\\/3adsux.com.br\\\/ceafi\"],\"url\":\"https:\\\/\\\/ceafi.edu.br\\\/site\\\/author\\\/usuario3ads\\\/\"}]}<\/script>\n<!-- \/ Yoast SEO plugin. -->","yoast_head_json":{"title":"Impacto da fisioterapia durante choque s\u00e9ptico no m\u00fasculo esquel\u00e9tico em indiv\u00edduos na UTI - CEAFI","robots":{"index":"index","follow":"follow","max-snippet":"max-snippet:-1","max-image-preview":"max-image-preview:large","max-video-preview":"max-video-preview:-1"},"canonical":"https:\/\/ceafi.edu.br\/site\/2024\/09\/06\/impacto-da-fisioterapia-durante-choque-septico-no-musculo-esqueletico-em-individuos-na-uti\/","og_locale":"pt_BR","og_type":"article","og_title":"Impacto da fisioterapia durante choque s\u00e9ptico no m\u00fasculo esquel\u00e9tico em indiv\u00edduos na UTI - CEAFI","og_description":"O estado catab\u00f3lico induzido pelo choque s\u00e9ptico, juntamente com a inatividade f\u00edsica dos pacientes, leva \u00e0 r\u00e1pida perda de massa muscular e comprometimento da fun\u00e7\u00e3o. O estudo de Hickmann e colaboradores teve por objetivo testar se uma fisioterapia precoce durante o in\u00edcio do choque s\u00e9ptico regula os sinais catab\u00f3licos e preserva a massa muscular esquel\u00e9tica. [&hellip;]","og_url":"https:\/\/ceafi.edu.br\/site\/2024\/09\/06\/impacto-da-fisioterapia-durante-choque-septico-no-musculo-esqueletico-em-individuos-na-uti\/","og_site_name":"CEAFI","article_published_time":"2024-09-06T14:47:57+00:00","article_modified_time":"2024-09-06T15:38:14+00:00","og_image":[{"width":1080,"height":699,"url":"https:\/\/ceafi.edu.br\/site\/wp-content\/uploads\/2024\/09\/Agrupar-2.png","type":"image\/png"}],"author":"usuario3ADS","twitter_card":"summary_large_image","twitter_misc":{"Escrito por":"usuario3ADS","Est. tempo de leitura":"3 minutos"},"schema":{"@context":"https:\/\/schema.org","@graph":[{"@type":"Article","@id":"https:\/\/ceafi.edu.br\/site\/2024\/09\/06\/impacto-da-fisioterapia-durante-choque-septico-no-musculo-esqueletico-em-individuos-na-uti\/#article","isPartOf":{"@id":"https:\/\/ceafi.edu.br\/site\/2024\/09\/06\/impacto-da-fisioterapia-durante-choque-septico-no-musculo-esqueletico-em-individuos-na-uti\/"},"author":{"name":"usuario3ADS","@id":"https:\/\/ceafi.edu.br\/site\/#\/schema\/person\/16b0e5ffad9f3800a3e8bab6fdc6cfb4"},"headline":"Impacto da fisioterapia durante choque s\u00e9ptico no m\u00fasculo esquel\u00e9tico em indiv\u00edduos na UTI","datePublished":"2024-09-06T14:47:57+00:00","dateModified":"2024-09-06T15:38:14+00:00","mainEntityOfPage":{"@id":"https:\/\/ceafi.edu.br\/site\/2024\/09\/06\/impacto-da-fisioterapia-durante-choque-septico-no-musculo-esqueletico-em-individuos-na-uti\/"},"wordCount":429,"commentCount":0,"publisher":{"@id":"https:\/\/ceafi.edu.br\/site\/#organization"},"image":{"@id":"https:\/\/ceafi.edu.br\/site\/2024\/09\/06\/impacto-da-fisioterapia-durante-choque-septico-no-musculo-esqueletico-em-individuos-na-uti\/#primaryimage"},"thumbnailUrl":"https:\/\/ceafi.edu.br\/site\/wp-content\/uploads\/2024\/09\/Agrupar-2.png","articleSection":["Blog"],"inLanguage":"pt-BR","potentialAction":[{"@type":"CommentAction","name":"Comment","target":["https:\/\/ceafi.edu.br\/site\/2024\/09\/06\/impacto-da-fisioterapia-durante-choque-septico-no-musculo-esqueletico-em-individuos-na-uti\/#respond"]}]},{"@type":"WebPage","@id":"https:\/\/ceafi.edu.br\/site\/2024\/09\/06\/impacto-da-fisioterapia-durante-choque-septico-no-musculo-esqueletico-em-individuos-na-uti\/","url":"https:\/\/ceafi.edu.br\/site\/2024\/09\/06\/impacto-da-fisioterapia-durante-choque-septico-no-musculo-esqueletico-em-individuos-na-uti\/","name":"Impacto da fisioterapia durante choque s\u00e9ptico no m\u00fasculo esquel\u00e9tico em indiv\u00edduos na UTI - CEAFI","isPartOf":{"@id":"https:\/\/ceafi.edu.br\/site\/#website"},"primaryImageOfPage":{"@id":"https:\/\/ceafi.edu.br\/site\/2024\/09\/06\/impacto-da-fisioterapia-durante-choque-septico-no-musculo-esqueletico-em-individuos-na-uti\/#primaryimage"},"image":{"@id":"https:\/\/ceafi.edu.br\/site\/2024\/09\/06\/impacto-da-fisioterapia-durante-choque-septico-no-musculo-esqueletico-em-individuos-na-uti\/#primaryimage"},"thumbnailUrl":"https:\/\/ceafi.edu.br\/site\/wp-content\/uploads\/2024\/09\/Agrupar-2.png","datePublished":"2024-09-06T14:47:57+00:00","dateModified":"2024-09-06T15:38:14+00:00","inLanguage":"pt-BR","potentialAction":[{"@type":"ReadAction","target":["https:\/\/ceafi.edu.br\/site\/2024\/09\/06\/impacto-da-fisioterapia-durante-choque-septico-no-musculo-esqueletico-em-individuos-na-uti\/"]}]},{"@type":"ImageObject","inLanguage":"pt-BR","@id":"https:\/\/ceafi.edu.br\/site\/2024\/09\/06\/impacto-da-fisioterapia-durante-choque-septico-no-musculo-esqueletico-em-individuos-na-uti\/#primaryimage","url":"https:\/\/ceafi.edu.br\/site\/wp-content\/uploads\/2024\/09\/Agrupar-2.png","contentUrl":"https:\/\/ceafi.edu.br\/site\/wp-content\/uploads\/2024\/09\/Agrupar-2.png","width":1080,"height":699},{"@type":"WebSite","@id":"https:\/\/ceafi.edu.br\/site\/#website","url":"https:\/\/ceafi.edu.br\/site\/","name":"CEAFI","description":"O CEAFI A N\u00famero 1 em Cursos de P\u00f3s Gradua\u00e7\u00e3o e Aperfei\u00e7oamento em Fisioterapia.","publisher":{"@id":"https:\/\/ceafi.edu.br\/site\/#organization"},"potentialAction":[{"@type":"SearchAction","target":{"@type":"EntryPoint","urlTemplate":"https:\/\/ceafi.edu.br\/site\/?s={search_term_string}"},"query-input":{"@type":"PropertyValueSpecification","valueRequired":true,"valueName":"search_term_string"}}],"inLanguage":"pt-BR"},{"@type":"Organization","@id":"https:\/\/ceafi.edu.br\/site\/#organization","name":"CEAFI","url":"https:\/\/ceafi.edu.br\/site\/","logo":{"@type":"ImageObject","inLanguage":"pt-BR","@id":"https:\/\/ceafi.edu.br\/site\/#\/schema\/logo\/image\/","url":"https:\/\/ceafi.edu.br\/site\/wp-content\/uploads\/2023\/07\/Group-2.png","contentUrl":"https:\/\/ceafi.edu.br\/site\/wp-content\/uploads\/2023\/07\/Group-2.png","width":230,"height":82,"caption":"CEAFI"},"image":{"@id":"https:\/\/ceafi.edu.br\/site\/#\/schema\/logo\/image\/"}},{"@type":"Person","@id":"https:\/\/ceafi.edu.br\/site\/#\/schema\/person\/16b0e5ffad9f3800a3e8bab6fdc6cfb4","name":"usuario3ADS","image":{"@type":"ImageObject","inLanguage":"pt-BR","@id":"https:\/\/secure.gravatar.com\/avatar\/2ab571c37b35d9c1fec9f5ec1b50cb615dfd640c65384e07a5e98515b55ce8cb?s=96&d=mm&r=g","url":"https:\/\/secure.gravatar.com\/avatar\/2ab571c37b35d9c1fec9f5ec1b50cb615dfd640c65384e07a5e98515b55ce8cb?s=96&d=mm&r=g","contentUrl":"https:\/\/secure.gravatar.com\/avatar\/2ab571c37b35d9c1fec9f5ec1b50cb615dfd640c65384e07a5e98515b55ce8cb?s=96&d=mm&r=g","caption":"usuario3ADS"},"sameAs":["https:\/\/3adsux.com.br\/ceafi"],"url":"https:\/\/ceafi.edu.br\/site\/author\/usuario3ads\/"}]}},"_links":{"self":[{"href":"https:\/\/ceafi.edu.br\/site\/wp-json\/wp\/v2\/posts\/20512","targetHints":{"allow":["GET"]}}],"collection":[{"href":"https:\/\/ceafi.edu.br\/site\/wp-json\/wp\/v2\/posts"}],"about":[{"href":"https:\/\/ceafi.edu.br\/site\/wp-json\/wp\/v2\/types\/post"}],"author":[{"embeddable":true,"href":"https:\/\/ceafi.edu.br\/site\/wp-json\/wp\/v2\/users\/1"}],"replies":[{"embeddable":true,"href":"https:\/\/ceafi.edu.br\/site\/wp-json\/wp\/v2\/comments?post=20512"}],"version-history":[{"count":5,"href":"https:\/\/ceafi.edu.br\/site\/wp-json\/wp\/v2\/posts\/20512\/revisions"}],"predecessor-version":[{"id":20519,"href":"https:\/\/ceafi.edu.br\/site\/wp-json\/wp\/v2\/posts\/20512\/revisions\/20519"}],"wp:featuredmedia":[{"embeddable":true,"href":"https:\/\/ceafi.edu.br\/site\/wp-json\/wp\/v2\/media\/20515"}],"wp:attachment":[{"href":"https:\/\/ceafi.edu.br\/site\/wp-json\/wp\/v2\/media?parent=20512"}],"wp:term":[{"taxonomy":"category","embeddable":true,"href":"https:\/\/ceafi.edu.br\/site\/wp-json\/wp\/v2\/categories?post=20512"},{"taxonomy":"post_tag","embeddable":true,"href":"https:\/\/ceafi.edu.br\/site\/wp-json\/wp\/v2\/tags?post=20512"}],"curies":[{"name":"wp","href":"https:\/\/api.w.org\/{rel}","templated":true}]}}